{"id":1051,"date":"2026-09-04T16:51:31","date_gmt":"2026-09-04T14:51:31","guid":{"rendered":"http:\/\/pladesantjordi.com\/?p=1051"},"modified":"2026-09-04T17:16:31","modified_gmt":"2026-09-04T15:16:31","slug":"nova-urbanitzacio-de-can-conet-cami-de-son-binissalom","status":"publish","type":"post","link":"https:\/\/pladesantjordi.com\/index.php\/2026\/09\/04\/nova-urbanitzacio-de-can-conet-cami-de-son-binissalom\/","title":{"rendered":"Nova urbanitzaci\u00f3 de Can Conet (cam\u00ed de Son Binissalom)"},"content":{"rendered":"\n<p>El passat 30 de juliol, parlant amb ve\u00efnats, i a la vista de les m\u00e0quines que es veien treballar des del cam\u00ed de Son Binissalom, des de M\u00c9S per Sant Jordi, s\u2019inform\u00e0 al grup municipal, concretament a la regidora Kika Coll, que hi havia el perill de destrossar elements arquitect\u00f2nics de car\u00e0cter talai\u00f2tic, una barraca de roter \u2014segurament per a animals\u2014 i altres elements patrimonials.<\/p>\n\n\n\n<figure class=\"wp-block-image size-large\"><img loading=\"lazy\" width=\"768\" height=\"1024\" src=\"http:\/\/pladesantjordi.com\/wp-content\/uploads\/2026\/09\/WhatsApp-Image-2026-09-03-at-17.14.58-768x1024.jpeg\" alt=\"\" class=\"wp-image-1054\" srcset=\"https:\/\/pladesantjordi.com\/wp-content\/uploads\/2026\/09\/WhatsApp-Image-2026-09-03-at-17.14.58-768x1024.jpeg 768w, https:\/\/pladesantjordi.com\/wp-content\/uploads\/2026\/09\/WhatsApp-Image-2026-09-03-at-17.14.58-225x300.jpeg 225w, https:\/\/pladesantjordi.com\/wp-content\/uploads\/2026\/09\/WhatsApp-Image-2026-09-03-at-17.14.58-1152x1536.jpeg 1152w, https:\/\/pladesantjordi.com\/wp-content\/uploads\/2026\/09\/WhatsApp-Image-2026-09-03-at-17.14.58-480x640.jpeg 480w, https:\/\/pladesantjordi.com\/wp-content\/uploads\/2026\/09\/WhatsApp-Image-2026-09-03-at-17.14.58.jpeg 1200w\" sizes=\"(max-width: 768px) 100vw, 768px\" \/><\/figure>\n\n\n\n<figure class=\"wp-block-image size-large\"><img loading=\"lazy\" width=\"768\" height=\"1024\" src=\"http:\/\/pladesantjordi.com\/wp-content\/uploads\/2026\/09\/WhatsApp-Image-2026-09-02-at-17.37.43-768x1024.jpeg\" alt=\"\" class=\"wp-image-1053\" srcset=\"https:\/\/pladesantjordi.com\/wp-content\/uploads\/2026\/09\/WhatsApp-Image-2026-09-02-at-17.37.43-768x1024.jpeg 768w, https:\/\/pladesantjordi.com\/wp-content\/uploads\/2026\/09\/WhatsApp-Image-2026-09-02-at-17.37.43-225x300.jpeg 225w, https:\/\/pladesantjordi.com\/wp-content\/uploads\/2026\/09\/WhatsApp-Image-2026-09-02-at-17.37.43-1152x1536.jpeg 1152w, https:\/\/pladesantjordi.com\/wp-content\/uploads\/2026\/09\/WhatsApp-Image-2026-09-02-at-17.37.43-480x640.jpeg 480w, https:\/\/pladesantjordi.com\/wp-content\/uploads\/2026\/09\/WhatsApp-Image-2026-09-02-at-17.37.43.jpeg 1200w\" sizes=\"(max-width: 768px) 100vw, 768px\" \/><\/figure>\n\n\n\n<p>Es demanaven diferents coses. Que, o l\u2019arque\u00f2loga o arque\u00f2leg de Cort (ara no n\u2019hi ha sembla), o b\u00e9 des dels serveis de Patrimoni del Consell de Mallorca, es visitassin les obres per si hi havia perill de desaparici\u00f3 del patrimoni hist\u00f2ric i arquitect\u00f2nic de Sant Jordi. Ens informaren que l\u2019inspector del Consell, Antoni Costa, hi aniria. En tot cas les obres estarien aturades el mes d\u2019agost per vacances.<\/p>\n\n\n\n<p>En tot cas, el primer dia de setembre, es tornaren tenir not\u00edcies que les m\u00e0quines de l\u2019empresa constructora avan\u00e7aven r\u00e0pidament sense tenir en compte res a protegir. Fins ara nom\u00e9s s\u2019ha salvat la barraca de roter. Per\u00f2, aquest dia vei\u00e9rem la casa de Can Sant (al carrer Embat) havia estat esbucada en q\u00fcesti\u00f3 de minuts. Segurament no tenia protecci\u00f3 oficial, per\u00f2 per als santjordiers i santjordieres era un s\u00edmbol del nostre poble que, tot i estar abandonades, eren estimades per una gran quantitat de gent. Est\u00e0 vist, penosament com sempre, que una cosa s\u00f3n els interessos econ\u00f2mics i l\u2019altra la protecci\u00f3 del patrimoni i els sentiments d\u2019un poble que qui els hauria de fer compatibles no ho fa.<br><\/p>\n\n\n\n<figure class=\"wp-block-image size-large\"><img loading=\"lazy\" width=\"768\" height=\"1024\" src=\"http:\/\/pladesantjordi.com\/wp-content\/uploads\/2026\/09\/WhatsApp-Image-2026-09-02-at-17.36.27-768x1024.jpeg\" alt=\"\" class=\"wp-image-1052\" srcset=\"https:\/\/pladesantjordi.com\/wp-content\/uploads\/2026\/09\/WhatsApp-Image-2026-09-02-at-17.36.27-768x1024.jpeg 768w, https:\/\/pladesantjordi.com\/wp-content\/uploads\/2026\/09\/WhatsApp-Image-2026-09-02-at-17.36.27-225x300.jpeg 225w, https:\/\/pladesantjordi.com\/wp-content\/uploads\/2026\/09\/WhatsApp-Image-2026-09-02-at-17.36.27-1152x1536.jpeg 1152w, https:\/\/pladesantjordi.com\/wp-content\/uploads\/2026\/09\/WhatsApp-Image-2026-09-02-at-17.36.27-480x640.jpeg 480w, https:\/\/pladesantjordi.com\/wp-content\/uploads\/2026\/09\/WhatsApp-Image-2026-09-02-at-17.36.27.jpeg 1200w\" sizes=\"(max-width: 768px) 100vw, 768px\" \/><\/figure>\n\n\n\n<figure class=\"wp-block-image size-large\"><img loading=\"lazy\" width=\"1024\" height=\"576\" src=\"http:\/\/pladesantjordi.com\/wp-content\/uploads\/2026\/09\/WhatsApp-Image-2026-09-02-at-13.55.11-1024x576.jpeg\" alt=\"\" class=\"wp-image-1060\" srcset=\"https:\/\/pladesantjordi.com\/wp-content\/uploads\/2026\/09\/WhatsApp-Image-2026-09-02-at-13.55.11-1024x576.jpeg 1024w, https:\/\/pladesantjordi.com\/wp-content\/uploads\/2026\/09\/WhatsApp-Image-2026-09-02-at-13.55.11-300x169.jpeg 300w, https:\/\/pladesantjordi.com\/wp-content\/uploads\/2026\/09\/WhatsApp-Image-2026-09-02-at-13.55.11-768x432.jpeg 768w, https:\/\/pladesantjordi.com\/wp-content\/uploads\/2026\/09\/WhatsApp-Image-2026-09-02-at-13.55.11-1536x864.jpeg 1536w, https:\/\/pladesantjordi.com\/wp-content\/uploads\/2026\/09\/WhatsApp-Image-2026-09-02-at-13.55.11-480x270.jpeg 480w, https:\/\/pladesantjordi.com\/wp-content\/uploads\/2026\/09\/WhatsApp-Image-2026-09-02-at-13.55.11.jpeg 2048w\" sizes=\"(max-width: 1024px) 100vw, 1024px\" \/><\/figure>\n\n\n\n<p>Es torn\u00e0 contactar amb el grup municipal, cosa que ja ho hav\u00edem fet unes quantes vegades, i es deman\u00e0 que Patrimoni del Consell de Mallorca visit\u00e0s de nou les obres. Avui mat\u00ed, 3 de setembre, informen ve\u00efnats, s\u2019ha vist arribar un cotxe del Consell amb una persona que s\u2019ha dirigit a les obres, ha fet una passejada bastant curta, ha parlat amb un empleat o encarregat, i en uns 10 minuts ha fuit de l\u2019obra, sense m\u00e9s ni pus.<\/p>\n\n\n\n<p>Total, una manera d\u2019actuar que, amb presses, pot haver destrossat una part del passat santjordier. No discutim que les obres fossin legals. D\u2019altra banda, ens trobam, en opini\u00f3 de molts, que pel volum d\u2019habitatges que es faran \u2014veurem a quin preu es posaran a la venda\u2014 tendrem en pocs anys, o abans fins i tot, un problema de capacitat de l\u2019escola de Sant Jordi que far\u00e0 necess\u00e0ria una nova construcci\u00f3 \u2014fora dels t\u00edpics barracons que poden esser-hi molts d\u2019anys.<\/p>\n\n\n\n<figure class=\"wp-block-image size-large\"><img loading=\"lazy\" width=\"1024\" height=\"576\" src=\"http:\/\/pladesantjordi.com\/wp-content\/uploads\/2026\/09\/WhatsApp-Image-2026-09-02-at-13.55.13-1024x576.jpeg\" alt=\"\" class=\"wp-image-1059\" srcset=\"https:\/\/pladesantjordi.com\/wp-content\/uploads\/2026\/09\/WhatsApp-Image-2026-09-02-at-13.55.13-1024x576.jpeg 1024w, https:\/\/pladesantjordi.com\/wp-content\/uploads\/2026\/09\/WhatsApp-Image-2026-09-02-at-13.55.13-300x169.jpeg 300w, https:\/\/pladesantjordi.com\/wp-content\/uploads\/2026\/09\/WhatsApp-Image-2026-09-02-at-13.55.13-768x432.jpeg 768w, https:\/\/pladesantjordi.com\/wp-content\/uploads\/2026\/09\/WhatsApp-Image-2026-09-02-at-13.55.13-1536x864.jpeg 1536w, https:\/\/pladesantjordi.com\/wp-content\/uploads\/2026\/09\/WhatsApp-Image-2026-09-02-at-13.55.13-480x270.jpeg 480w, https:\/\/pladesantjordi.com\/wp-content\/uploads\/2026\/09\/WhatsApp-Image-2026-09-02-at-13.55.13.jpeg 2048w\" sizes=\"(max-width: 1024px) 100vw, 1024px\" \/><\/figure>\n\n\n\n<p>A m\u00e9s, hi haur\u00e0 problemes en la nostra Unitat B\u00e0sica de Salut i, despr\u00e9s, problemes d\u2019aparcament que ja s\u00f3n insuportables \u2014en llegir l\u2019expedient veurem si estan prevists a bastament.<\/p>\n\n\n\n<p>Finalment, ja tenim problemes greus de comunicaci\u00f3 dins el poble. El lloc on hi haur\u00e0 aquesta nova urbanitzaci\u00f3, que allarga el nostre petit eixample, \u00e9s un cul de sac, sense carreteres o camins segurs per sortir del poble, el que demana una intervenci\u00f3 de les autoritats.<\/p>\n\n\n\n<p>Finalment, qu\u00e8 passar\u00e0 amb la barraca de roter i amb la torre de mol\u00ed que hi ha. No s\u2019han d\u2019esbucar de cap manera per\u00f2, tampoc no s\u2019haurien d\u2019amagar dins les noves construccions. \u00c9s necessari que quedin a la vista de tothom i ben senyalitzats<\/p>\n\n\n\n<p>Ho agafem com ho agafem, no s\u00f3n maneres de fer les coses. I una part important del poble est\u00e0 indignat.<\/p>\n","protected":false},"excerpt":{"rendered":"<p>El passat 30 de juliol, parlant amb ve\u00efnats, i a la vista de les m\u00e0quines que es veien treballar des del cam\u00ed de Son Binissalom, des de M\u00c9S per Sant Jordi, s\u2019inform\u00e0 al grup municipal, concretament a la regidora Kika Coll, que hi havia el perill de destrossar elements arquitect\u00f2nics de car\u00e0cter talai\u00f2tic, una barraca de roter \u2014segurament per a animals\u2014 i altres elements patrimonials. Es demanaven diferents coses. Que, o l\u2019arque\u00f2loga o arque\u00f2leg de Cort (ara no n\u2019hi ha sembla), o b\u00e9 des dels serveis de Patrimoni del Consell de Mallorca, es visitassin les obres per si hi havia<\/p>\n","protected":false},"author":1,"featured_media":1056,"comment_status":"closed","ping_status":"open","sticky":false,"template":"","format":"standard","meta":[],"categories":[16],"tags":[],"_links":{"self":[{"href":"https:\/\/pladesantjordi.com\/index.php\/wp-json\/wp\/v2\/posts\/1051"}],"collection":[{"href":"https:\/\/pladesantjordi.com\/index.php\/wp-json\/wp\/v2\/posts"}],"about":[{"href":"https:\/\/pladesantjordi.com\/index.php\/wp-json\/wp\/v2\/types\/post"}],"author":[{"embeddable":true,"href":"https:\/\/pladesantjordi.com\/index.php\/wp-json\/wp\/v2\/users\/1"}],"replies":[{"embeddable":true,"href":"https:\/\/pladesantjordi.com\/index.php\/wp-json\/wp\/v2\/comments?post=1051"}],"version-history":[{"count":1,"href":"https:\/\/pladesantjordi.com\/index.php\/wp-json\/wp\/v2\/posts\/1051\/revisions"}],"predecessor-version":[{"id":1061,"href":"https:\/\/pladesantjordi.com\/index.php\/wp-json\/wp\/v2\/posts\/1051\/revisions\/1061"}],"wp:featuredmedia":[{"embeddable":true,"href":"https:\/\/pladesantjordi.com\/index.php\/wp-json\/wp\/v2\/media\/1056"}],"wp:attachment":[{"href":"https:\/\/pladesantjordi.com\/index.php\/wp-json\/wp\/v2\/media?parent=1051"}],"wp:term":[{"taxonomy":"category","embeddable":true,"href":"https:\/\/pladesantjordi.com\/index.php\/wp-json\/wp\/v2\/categories?post=1051"},{"taxonomy":"post_tag","embeddable":true,"href":"https:\/\/pladesantjordi.com\/index.php\/wp-json\/wp\/v2\/tags?post=1051"}],"curies":[{"name":"wp","href":"https:\/\/api.w.org\/{rel}","templated":true}]}}