{"id":436,"date":"2021-04-20T10:42:56","date_gmt":"2021-04-20T08:42:56","guid":{"rendered":"http:\/\/pladesantjordi.com\/?p=436"},"modified":"2026-03-13T11:10:54","modified_gmt":"2026-03-13T10:10:54","slug":"quan-la-banca-march-inaugura-loficina-de-sant-jordi","status":"publish","type":"post","link":"https:\/\/pladesantjordi.com\/index.php\/2021\/04\/20\/quan-la-banca-march-inaugura-loficina-de-sant-jordi\/","title":{"rendered":"Quan la Banca March inaugur\u00e0 l\u2019oficina de Sant Jordi"},"content":{"rendered":"\n<p><strong>BANCA MARCH A SANT JORDI<br><\/strong><\/p>\n\n\n\n<p class=\"has-drop-cap\">El divendres 10 de maig de 1966 la Banca March obr\u00ed, provisionalment, la seva Ag\u00e8ncia Urbana n\u00fam. 6. El local era molt petit i ja havia servit com a oficina de la Corresponsalia que existia des de principi dels anys 1960.<\/p>\n\n\n\n<p class=\"has-drop-cap\"><br>Aix\u00ed ho anunciava el diari <em>Baleares<\/em> el dia anterior. A partir d\u2019aleshores els comptes i les operacions es feren des del mateix poble. L\u2019oficineta estava situada al Carrer Neira, a davant del campanar de l\u2019esgl\u00e9sia. No era la primera, abans havia estat al Carrer Bau\u00e7\u00e0, davant del Caf\u00e8 de Can Sim\u00f3.<\/p>\n\n\n\n<figure class=\"wp-block-image size-large\"><img loading=\"lazy\" width=\"709\" height=\"1024\" src=\"http:\/\/pladesantjordi.com\/wp-content\/uploads\/2021\/04\/2-FOTO-ANUNCI-OBERTURA-OFICINA-PROVISIONAL-709x1024.jpg\" alt=\"\" class=\"wp-image-438\" srcset=\"https:\/\/pladesantjordi.com\/wp-content\/uploads\/2021\/04\/2-FOTO-ANUNCI-OBERTURA-OFICINA-PROVISIONAL-709x1024.jpg 709w, https:\/\/pladesantjordi.com\/wp-content\/uploads\/2021\/04\/2-FOTO-ANUNCI-OBERTURA-OFICINA-PROVISIONAL-208x300.jpg 208w, https:\/\/pladesantjordi.com\/wp-content\/uploads\/2021\/04\/2-FOTO-ANUNCI-OBERTURA-OFICINA-PROVISIONAL-480x693.jpg 480w, https:\/\/pladesantjordi.com\/wp-content\/uploads\/2021\/04\/2-FOTO-ANUNCI-OBERTURA-OFICINA-PROVISIONAL.jpg 748w\" sizes=\"(max-width: 709px) 100vw, 709px\" \/><figcaption>Anunci de l\u2019obertura de l\u2019oficina provisional, Ag\u00e8ncia Urbana n\u00fam. 6, en el mateix lloc que la Corresponsalia.<br>Diari <em>Baleares<\/em>, 9 de juny de 1966, p. 15.<\/figcaption><\/figure>\n\n\n\n<p>Mentre se cercaven clients de tota casta, aprofitant que la Caixa de Pensions no realitzava segons quin tipus d\u2019operacions, com girar i cobrar lletres o comptes corrents i cr\u00e8dits, la Banca March feia la seva via. Entre altres coses la domiciliaci\u00f3 dels pagaments de la llet als pagesos per part d\u2019AGAMA.<\/p>\n\n\n\n<p><br>Tot i els horaris oficials \u2013aleshores de 9 a 15 h de dilluns a dissabte\u2013 l\u2019Ag\u00e8ncia de Sant Jordi adapt\u00e0 el seu i obria unes hores d\u2019horabaixa &#8211; capvespre, de dimarts a dissabte.<br>Aquest era l\u2019horari que anava b\u00e9, sobretot, als pagesos. Aix\u00ed aprofitaven els descansos del cine, un final de joc de cartes a la taverna o la sortida de missa segons el moment. El director de la nova oficina va ser Jaume Gomila Albons que tenia uns vint-i-vuit anys.<br>Antoni Ferrer Juan, <em>en Toni Rotget<\/em>, aleshores amb trenta-sis anys, que ja estava a la Corresponsalia amb Mateu Verd Cantallops, <em>l\u2019Amo en Mateu Campet<\/em>, pass\u00e0 a empleat de la Banca March. Mateu Verd deix\u00e0 de ser el corresponsal per\u00f2 segu\u00ed sent considerat persona molt influent i relacionada amb directius de la Banca March.<\/p>\n\n\n\n<p><br>Ben aviat per\u00f2, es pogu\u00e9 fer la inauguraci\u00f3 oficial del nou local situat al mateix Carrer Neira, cant\u00f3 amb el Carrer Berenguer de Giralt, a la finca que el mestre d\u2019obres Antoni Mas Gar\u00ed,<em> l\u2019Amo en Toni Gri<\/em>, estava construint.<\/p>\n\n\n\n<figure class=\"wp-block-image size-large\"><img loading=\"lazy\" width=\"779\" height=\"1024\" src=\"http:\/\/pladesantjordi.com\/wp-content\/uploads\/2021\/04\/3-FOTO-ANUNCI-INAUGURACIO-779x1024.jpg\" alt=\"\" class=\"wp-image-439\" srcset=\"https:\/\/pladesantjordi.com\/wp-content\/uploads\/2021\/04\/3-FOTO-ANUNCI-INAUGURACIO-779x1024.jpg 779w, https:\/\/pladesantjordi.com\/wp-content\/uploads\/2021\/04\/3-FOTO-ANUNCI-INAUGURACIO-228x300.jpg 228w, https:\/\/pladesantjordi.com\/wp-content\/uploads\/2021\/04\/3-FOTO-ANUNCI-INAUGURACIO-768x1009.jpg 768w, https:\/\/pladesantjordi.com\/wp-content\/uploads\/2021\/04\/3-FOTO-ANUNCI-INAUGURACIO-1169x1536.jpg 1169w, https:\/\/pladesantjordi.com\/wp-content\/uploads\/2021\/04\/3-FOTO-ANUNCI-INAUGURACIO-480x631.jpg 480w, https:\/\/pladesantjordi.com\/wp-content\/uploads\/2021\/04\/3-FOTO-ANUNCI-INAUGURACIO.jpg 1193w\" sizes=\"(max-width: 779px) 100vw, 779px\" \/><figcaption>Anunci de la inauguraci\u00f3 de la nova oficina.<em> Diario de Mallorca<\/em>, 9 de maig de 1967, p.2.<\/figcaption><\/figure>\n\n\n\n<p>Fou aix\u00ed com el dimarts 9 de maig de 1967, al capvespre, s\u2019inaugur\u00e0 oficialment aquell nou local. D\u2019aquell dia en podem parlar, tant per informaci\u00f3 oral com per la cr\u00f2nica del corresponsal del <em>Diario de Mallorca<\/em> de 13 de maig de 1967 \u2013p. 16\u2013, Miquel Ramis Serra.<\/p>\n\n\n\n<p>La font oral \u00e9s la del director Jaume Gomila. Ho completam amb dues fotos que ens han cedit antics empleats de la Banca: Rafel Cap\u00f3, Jaume Alenyar i Paco Romaguera. Les fotos provenen de la Col\u00b7lecci\u00f3 Paco Romaguera. Els ho agra\u00efm.<\/p>\n\n\n\n<figure class=\"wp-block-image size-large is-resized\"><img loading=\"lazy\" src=\"http:\/\/pladesantjordi.com\/wp-content\/uploads\/2021\/04\/4-FOTO-INAUGURACIO-1-1024x698.jpg\" alt=\"\" class=\"wp-image-440\" width=\"580\" height=\"395\" srcset=\"https:\/\/pladesantjordi.com\/wp-content\/uploads\/2021\/04\/4-FOTO-INAUGURACIO-1-1024x698.jpg 1024w, https:\/\/pladesantjordi.com\/wp-content\/uploads\/2021\/04\/4-FOTO-INAUGURACIO-1-300x205.jpg 300w, https:\/\/pladesantjordi.com\/wp-content\/uploads\/2021\/04\/4-FOTO-INAUGURACIO-1-768x524.jpg 768w, https:\/\/pladesantjordi.com\/wp-content\/uploads\/2021\/04\/4-FOTO-INAUGURACIO-1-480x327.jpg 480w, https:\/\/pladesantjordi.com\/wp-content\/uploads\/2021\/04\/4-FOTO-INAUGURACIO-1.jpg 1056w\" sizes=\"(max-width: 580px) 100vw, 580px\" \/><figcaption>Foto de la inauguraci\u00f3, el dia 9 de maig de 1967. Interior de l\u2019oficina. A l\u2019esquerra ens dona l\u2019esquena Antoni Ferrer, despr\u00e9s cap a la dreta tenim a Toni Ques, Jaume Rotger, l\u2019Amo en Mateu Campet, els germans March, Miquel Garau -es <em>Jovenet<\/em>&#8211; i el vicari Jaume Pons. S\u00f3n els reconeixibles.<\/figcaption><\/figure>\n\n\n\n<p>Reprodu\u00efm de manera textual la informaci\u00f3 que ofer\u00ed Miquel Ramis:<\/p>\n\n\n\n<blockquote class=\"wp-block-quote has-text-align-left\"><p>\u00abNUEVAS OFICINAS BANCARIAS<\/p><p>SANT JORDI.\u2013 El pasado martes a las 7 de la tarde tuvo lugar la inauguraci\u00f3n y bendici\u00f3n de las nuevas oficinas de la Banca March. Efectu\u00f3 la bendici\u00f3n el Rdo. Sr. P\u00e1rroco de la localidad, don Frco. Caimari que dirigi\u00f3 la palabra a los presentes brindando al final por la prosperidad del nuevo local. Acto seguido tambi\u00e9n habl\u00f3 a los presentes don Jos\u00e9 Carlos March -Delegado Apoderado General- que ofreci\u00f3 la nueva casa donde se podr\u00e1n efectuar toda clase de operaciones bancarias, a las que se prestar\u00e1, como tiene norma, la m\u00e1s cuidadosa atenci\u00f3n. Entre los asistentes e invitados figuraban los siguientes se\u00f1ores, entre otros: Don Juan March -Delegado Apoderado General-, don Marcial Bardolet -Director Gerente-, don Joaqu\u00edn Fern\u00e1ndez -Subdirector General-, don Antonio Cabanellas -Interventor-,[els guions s\u00f3n afegits nostres] don Gabriel Bergas, don Jaime Rossell\u00f3. Terminada la bendici\u00f3n se sirvi\u00f3 un lunch a los presentes, desfilando hasta bien entrada la noche casi toda la poblaci\u00f3n que igualmente fue obsequiada. Hizo los honores a los invitados el Director de la nueva entidad, don Jaime Gomila.<\/p><p>El nuevo establecimiento, amplio y con modernas instalaciones lo hace sumamente acogedor y adecuado a los fines que se destina. A las muchas felicitaciones recibidas, a\u00f1adimos cordialmente la nuestra.\u00bb<\/p><p><\/p><\/blockquote>\n\n\n\n<figure class=\"wp-block-image size-large\"><img loading=\"lazy\" width=\"1024\" height=\"445\" src=\"http:\/\/pladesantjordi.com\/wp-content\/uploads\/2021\/04\/5-FOTO-INAUGURACIO-2-1024x445.jpg\" alt=\"\" class=\"wp-image-441\" srcset=\"https:\/\/pladesantjordi.com\/wp-content\/uploads\/2021\/04\/5-FOTO-INAUGURACIO-2-1024x445.jpg 1024w, https:\/\/pladesantjordi.com\/wp-content\/uploads\/2021\/04\/5-FOTO-INAUGURACIO-2-300x130.jpg 300w, https:\/\/pladesantjordi.com\/wp-content\/uploads\/2021\/04\/5-FOTO-INAUGURACIO-2-768x333.jpg 768w, https:\/\/pladesantjordi.com\/wp-content\/uploads\/2021\/04\/5-FOTO-INAUGURACIO-2-480x208.jpg 480w, https:\/\/pladesantjordi.com\/wp-content\/uploads\/2021\/04\/5-FOTO-INAUGURACIO-2.jpg 1078w\" sizes=\"(max-width: 1024px) 100vw, 1024px\" \/><figcaption><br>Una altra foto de la inauguraci\u00f3. D\u2019esquerra a dreta i segons coneixem hi ha Miquel Garau, el vicari Jaume Pons, Rafel Bonnin, el rector Francesc Caimari i Alberto Rebassa.&nbsp;<\/figcaption><\/figure>\n\n\n\n<p>Jaume Gomila ens hi afeg\u00ed, a m\u00e9s, que l\u2019Amo en Mateu va dur el seu \u00aborganillo\u00bb. Tamb\u00e9, que hi hagu\u00e9 festa grossa aquell vespre a la mateixa oficina. I que, dies despr\u00e9s, reberen la visita de la matriarca de la fam\u00edlia March, la Sra. Carme Delgado Roses, que \u00abera tota una senyora\u00bb.&nbsp;<\/p>\n\n\n\n<p>A les fotografies que adjuntam es pot observar que la descripci\u00f3 coincideix amb la de l\u2019articulista. Hi veim el rector Francesc Caimari i el vicari Jaume Pons. Feia de cambrer Jaume Rotger, cunyat d\u2019Antoni Ferrer. Diferents directius del que destacam, almenys, a Jos\u00e9 Carlos March Delgado, molt jove en aquell moment. A m\u00e9s, l\u2019Amo en Mateu Campet, Miquel Garau i, a Antoni Ferrer d\u2019esquena, com hem dit a la primera foto.<\/p>\n\n\n\n<p>A partir d\u2019aqu\u00ed comen\u00e7\u00e0 l\u2019embranzida d\u2019una oficina que, almenys els primers anys, result\u00e0 tant o m\u00e9s rendible que la de Can Pastilla, segons Jaume Gomila.<\/p>\n\n\n\n<p>Ant\u00f2nia Ferrer Juan, germana d\u2019en Toni Rotget, va passar tamb\u00e9 a ser empleada de la Banca com a encarregada de la neteja.&nbsp;<\/p>\n\n\n\n<figure class=\"wp-block-image size-large\"><img loading=\"lazy\" width=\"1024\" height=\"765\" src=\"http:\/\/pladesantjordi.com\/wp-content\/uploads\/2021\/04\/6-FOTO-GERMANS-ROTGET-1024x765.jpg\" alt=\"\" class=\"wp-image-442\" srcset=\"https:\/\/pladesantjordi.com\/wp-content\/uploads\/2021\/04\/6-FOTO-GERMANS-ROTGET-1024x765.jpg 1024w, https:\/\/pladesantjordi.com\/wp-content\/uploads\/2021\/04\/6-FOTO-GERMANS-ROTGET-300x224.jpg 300w, https:\/\/pladesantjordi.com\/wp-content\/uploads\/2021\/04\/6-FOTO-GERMANS-ROTGET-768x573.jpg 768w, https:\/\/pladesantjordi.com\/wp-content\/uploads\/2021\/04\/6-FOTO-GERMANS-ROTGET-480x358.jpg 480w, https:\/\/pladesantjordi.com\/wp-content\/uploads\/2021\/04\/6-FOTO-GERMANS-ROTGET.jpg 1105w\" sizes=\"(max-width: 1024px) 100vw, 1024px\" \/><figcaption>Els germans Rotget, Antoni i Ant\u00f2nia Ferrer Juan, empleats de Banca March de Sant Jordi, en una fotografia d\u2019aquella \u00e8poca. Agra\u00efm a Ant\u00f2nia Bibiloni Mas, viuda d\u2019Antoni Rotget, que ens deix\u00e0s aquesta foto per a reproduir aqu\u00ed.<\/figcaption><\/figure>\n\n\n\n<p>I aqu\u00ed ens aturam. La Banca March de Sant Jordi va tancar fa un any, el 2020, aprofitant el confinament per la pand\u00e8mia de la COVID-19.<\/p>\n\n\n\n<p>Si voleu saber-ne m\u00e9s podeu pitjar en aquest enlla\u00e7: &lt;<a href=\"https:\/\/blocs.mesvilaweb.cat\/tomeucarrio1201\/tal-dia-fara-un-any-de-la-banca-march-a-sant-jordi-ca-1960-2020\/\">https:\/\/blocs.mesvilaweb.cat\/tomeucarrio1201\/tal-dia-fara-un-any-de-la-banca-march-a-sant-jordi-ca-1960-2020\/<\/a>&gt;.<\/p>\n\n\n\n<p><strong>Tomeu Carri\u00f3<\/strong><br>19 d\u2019abril de 2021<\/p>\n","protected":false},"excerpt":{"rendered":"<p>BANCA MARCH A SANT JORDI El divendres 10 de maig de 1966 la Banca March obr\u00ed, provisionalment, la seva Ag\u00e8ncia Urbana n\u00fam. 6. El local era molt petit i ja havia servit com a oficina de la Corresponsalia que existia des de principi dels anys 1960. Aix\u00ed ho anunciava el diari Baleares el dia anterior. A partir d\u2019aleshores els comptes i les operacions es feren des del mateix poble. L\u2019oficineta estava situada al Carrer Neira, a davant del campanar de l\u2019esgl\u00e9sia. No era la primera, abans havia estat al Carrer Bau\u00e7\u00e0, davant del Caf\u00e8 de Can Sim\u00f3. Mentre se cercaven<\/p>\n","protected":false},"author":1,"featured_media":437,"comment_status":"closed","ping_status":"closed","sticky":false,"template":"","format":"standard","meta":[],"categories":[19],"tags":[],"_links":{"self":[{"href":"https:\/\/pladesantjordi.com\/index.php\/wp-json\/wp\/v2\/posts\/436"}],"collection":[{"href":"https:\/\/pladesantjordi.com\/index.php\/wp-json\/wp\/v2\/posts"}],"about":[{"href":"https:\/\/pladesantjordi.com\/index.php\/wp-json\/wp\/v2\/types\/post"}],"author":[{"embeddable":true,"href":"https:\/\/pladesantjordi.com\/index.php\/wp-json\/wp\/v2\/users\/1"}],"replies":[{"embeddable":true,"href":"https:\/\/pladesantjordi.com\/index.php\/wp-json\/wp\/v2\/comments?post=436"}],"version-history":[{"count":6,"href":"https:\/\/pladesantjordi.com\/index.php\/wp-json\/wp\/v2\/posts\/436\/revisions"}],"predecessor-version":[{"id":513,"href":"https:\/\/pladesantjordi.com\/index.php\/wp-json\/wp\/v2\/posts\/436\/revisions\/513"}],"wp:featuredmedia":[{"embeddable":true,"href":"https:\/\/pladesantjordi.com\/index.php\/wp-json\/wp\/v2\/media\/437"}],"wp:attachment":[{"href":"https:\/\/pladesantjordi.com\/index.php\/wp-json\/wp\/v2\/media?parent=436"}],"wp:term":[{"taxonomy":"category","embeddable":true,"href":"https:\/\/pladesantjordi.com\/index.php\/wp-json\/wp\/v2\/categories?post=436"},{"taxonomy":"post_tag","embeddable":true,"href":"https:\/\/pladesantjordi.com\/index.php\/wp-json\/wp\/v2\/tags?post=436"}],"curies":[{"name":"wp","href":"https:\/\/api.w.org\/{rel}","templated":true}]}}